{"id":7937,"date":"2020-04-23T00:00:17","date_gmt":"2020-04-22T22:00:17","guid":{"rendered":"https:\/\/www.boboli.es\/boboliland\/?p=7937"},"modified":"2020-06-03T11:47:53","modified_gmt":"2020-06-03T09:47:53","slug":"feliz-sant-jordi-y-feliz-dia-del-libro-en-casa","status":"publish","type":"post","link":"https:\/\/www.boboli.es\/boboliland\/es\/feliz-sant-jordi-y-feliz-dia-del-libro-en-casa\/","title":{"rendered":"D\u00eda 25: \u00a1Feliz Sant Jordi y feliz D\u00eda del Libro en casa&#8230;!"},"content":{"rendered":"<p><strong>Este a\u00f1o toca celebrar este d\u00eda tan especial desde casa&#8230;<\/strong> pero eso tiene una cosa positiva y es que lo podremos celebrar dos veces este a\u00f1o. En boboli nos encanta este d\u00eda porque las calles se llenan de rosas y libros, de sonrisas, de historias m\u00e1gicas, de canciones&#8230; Este a\u00f1o lo celebraremos m\u00e1s tarde en las calles pero\u00a0podemos aprovechar,\u00a0este 23 de abril,\u00a0para<strong><strong>\u00a0llenar nuestra casa<\/strong>\u00a0de rosas y libros con los ni\u00f1os<\/strong>.<\/p>\n<p><!--more--><\/p>\n<p>Por eso, queremos <strong>recomendarte algunas lecturas<\/strong>, junto a <a href=\"https:\/\/www.megustaleer.com\/\">Penguin Random House<\/a>, para este D\u00eda del Libro 2020 y tambi\u00e9n unas<strong>\u00a0manualidades<\/strong>\u00a0para que viv\u00e1is la leyenda de Sant Jordi en primera persona.<\/p>\n<p><strong>LIBROS RECOMENDADOS:<\/strong><\/p>\n<ul>\n<li><strong><a href=\"https:\/\/www.megustaleer.com\/promociones\/kitty?utm_source=boboli#\">Kitty<\/a><\/strong><\/li>\n<\/ul>\n<p><img class=\"alignnone size-medium wp-image-7948\" src=\"https:\/\/www.boboli.es\/boboliland\/wp-content\/uploads\/2020\/04\/AL5342A-200x300.jpg\" alt=\"AL5342A\" width=\"200\" height=\"300\" srcset=\"https:\/\/www.boboli.es\/boboliland\/wp-content\/uploads\/2020\/04\/AL5342A-200x300.jpg 200w, https:\/\/www.boboli.es\/boboliland\/wp-content\/uploads\/2020\/04\/AL5342A.jpg 650w\" sizes=\"(max-width: 200px) 100vw, 200px\" \/><\/p>\n<p>Ni\u00f1a de d\u00eda. Gata de noche. \u00a1Siempre lista para la aventura! \u00danete a Kitty\u00a0y su pandilla de gatos para vivir fascinantes aventuras bajo la luz de la luna.<\/p>\n<p>Edad: A partir de 7 a\u00f1os.<\/p>\n<ul>\n<li><a href=\"https:\/\/www.megustaleer.com\/promociones\/isadoramoon?utm_source=boboli\"><strong>Isadora Moon<\/strong><\/a><\/li>\n<\/ul>\n<p><img class=\"alignnone size-medium wp-image-7947\" src=\"https:\/\/www.boboli.es\/boboliland\/wp-content\/uploads\/2020\/04\/EAL52142-208x300.jpg\" alt=\"EAL52142\" width=\"208\" height=\"300\" srcset=\"https:\/\/www.boboli.es\/boboliland\/wp-content\/uploads\/2020\/04\/EAL52142-208x300.jpg 208w, https:\/\/www.boboli.es\/boboliland\/wp-content\/uploads\/2020\/04\/EAL52142.jpg 650w\" sizes=\"(max-width: 208px) 100vw, 208px\" \/><\/p>\n<p>Mitad hada, mitad vampira, \u00a1y totalmente \u00fanica! Acompa\u00f1a a Isadora Moon en todas sus aventuras \u00a1Bienvenidos a su fant\u00e1stico mundo!<\/p>\n<p>Edad: A partir de 7 a\u00f1os.<\/p>\n<ul>\n<li><strong><a href=\"https:\/\/www.megustaleer.com\/404.php\">Olivia<\/a>\u00a0&#8211; Pr\u00f3ximamente a la venta<\/strong><\/li>\n<\/ul>\n<p><img class=\"alignnone wp-image-7945\" src=\"https:\/\/www.boboli.es\/boboliland\/wp-content\/uploads\/2020\/04\/Cubierta_Olivia_2.jpg\" alt=\"Cubierta_Olivia_2\" width=\"239\" height=\"299\" \/> <img class=\"alignnone size-medium wp-image-7943\" src=\"https:\/\/www.boboli.es\/boboliland\/wp-content\/uploads\/2020\/04\/Cubierta_Olivia_1-240x300.jpg\" alt=\"Cubierta_Olivia_1\" width=\"240\" height=\"300\" srcset=\"https:\/\/www.boboli.es\/boboliland\/wp-content\/uploads\/2020\/04\/Cubierta_Olivia_1-240x300.jpg 240w, https:\/\/www.boboli.es\/boboliland\/wp-content\/uploads\/2020\/04\/Cubierta_Olivia_1.jpg 650w\" sizes=\"(max-width: 240px) 100vw, 240px\" \/><\/p>\n<p>Una colecci\u00f3n de c\u00f3mics para ni\u00f1os, ni\u00f1as y para toda la familia, repleta de fantas\u00eda, acci\u00f3n, personajes femeninos empoderados y mucho humor. \u00a1Descubre a Olivia y todas las aventuras que le esperan!<\/p>\n<p>Edad: A partir de 7 a\u00f1os.<\/p>\n<ul>\n<li><a href=\"https:\/\/www.megustaleer.com\/libros\/flix-y-calcita-flix-y-calcita-1\/MES-111008?utm_source=boboli\"><strong>F\u00e9lix\u00a0y Calcita<\/strong><\/a><\/li>\n<\/ul>\n<p><img class=\"alignnone size-medium wp-image-7946\" src=\"https:\/\/www.boboli.es\/boboliland\/wp-content\/uploads\/2020\/04\/Cubierta-Felix-y-Calcita-229x300.jpg\" alt=\"Cubierta Felix y Calcita\" width=\"229\" height=\"300\" srcset=\"https:\/\/www.boboli.es\/boboliland\/wp-content\/uploads\/2020\/04\/Cubierta-Felix-y-Calcita-229x300.jpg 229w, https:\/\/www.boboli.es\/boboliland\/wp-content\/uploads\/2020\/04\/Cubierta-Felix-y-Calcita.jpg 650w\" sizes=\"(max-width: 229px) 100vw, 229px\" \/><\/p>\n<p>\u00a1Una trol se ha colado en la habitaci\u00f3n de F\u00e9lix! Se llama Calcita y ha llegado a trav\u00e9s del ba\u00fal de los juguetes. F\u00e9lix descubrir\u00e1 que su casa conecta con el mundo de los troles y all\u00ed descubrir\u00e1 que llevan a\u00f1os peleados con los gnomos. \u00bfConseguir\u00e1 F\u00e9lix que troles y gnomos vuelvan a ser amigos? No te pierdas la nueva serie de c\u00f3mics de Artur Laperla, creador de <em>Superpatata<\/em>.<\/p>\n<p>Edad: A partir de 7 a\u00f1os.<\/p>\n<ul>\n<li><a href=\"https:\/\/www.megustaleer.com\/libros\/la-gran-familia-de-elmer-coleccin-elmer\/MES-110937\"><strong>La gran familia de Elmer<\/strong><\/a><\/li>\n<\/ul>\n<p><img class=\"alignnone size-medium wp-image-7944\" src=\"https:\/\/www.boboli.es\/boboliland\/wp-content\/uploads\/2020\/04\/Cubierta_Elmer-225x300.jpg\" alt=\"Cubierta_Elmer\" width=\"225\" height=\"300\" srcset=\"https:\/\/www.boboli.es\/boboliland\/wp-content\/uploads\/2020\/04\/Cubierta_Elmer-225x300.jpg 225w, https:\/\/www.boboli.es\/boboliland\/wp-content\/uploads\/2020\/04\/Cubierta_Elmer.jpg 650w\" sizes=\"(max-width: 225px) 100vw, 225px\" \/><\/p>\n<p>\u00a1\u00danete a la gran familia de Elmer, el elefante multicolor preferido de los ni\u00f1os!<\/p>\n<p>Elmer siempre est\u00e1 rodeado de amigos y familiares. \u00bfQuieres conocerlos? Pues no te pierdas este divertido libro donde Elmer te presenta a algunos de ellos.<\/p>\n<p>Edad: A partir de 4 a\u00f1os.<\/p>\n<p><strong>MANUALIDADES:<\/strong><\/p>\n<p><strong>\u00a1Recrea la\u00a0leyenda de San Jorge\u00a0en casa!<\/strong> Crea tus propios t\u00edteres de dedo y cuenta historias interminables.<\/p>\n<p><img class=\"alignnone size-full wp-image-7954\" src=\"https:\/\/www.boboli.es\/boboliland\/wp-content\/uploads\/2020\/04\/Dia-23-sant-jordi-001.jpg\" alt=\"Dia 23 sant jordi 001\" width=\"900\" height=\"500\" srcset=\"https:\/\/www.boboli.es\/boboliland\/wp-content\/uploads\/2020\/04\/Dia-23-sant-jordi-001.jpg 900w, https:\/\/www.boboli.es\/boboliland\/wp-content\/uploads\/2020\/04\/Dia-23-sant-jordi-001-300x167.jpg 300w, https:\/\/www.boboli.es\/boboliland\/wp-content\/uploads\/2020\/04\/Dia-23-sant-jordi-001-768x427.jpg 768w\" sizes=\"(max-width: 900px) 100vw, 900px\" \/><\/p>\n<p><strong>Imprime<\/strong>, si puedes, las hojas con tus <strong>personajes favoritos\u00a0<\/strong>para que te sirvan de patr\u00f3n. Tambi\u00e9n puedes invent\u00e1rtelos.<\/p>\n<p><img class=\"alignnone size-full wp-image-7955\" src=\"https:\/\/www.boboli.es\/boboliland\/wp-content\/uploads\/2020\/04\/Dia-23-sant-jordi-002.jpg\" alt=\"Dia 23 sant jordi 002\" width=\"900\" height=\"500\" srcset=\"https:\/\/www.boboli.es\/boboliland\/wp-content\/uploads\/2020\/04\/Dia-23-sant-jordi-002.jpg 900w, https:\/\/www.boboli.es\/boboliland\/wp-content\/uploads\/2020\/04\/Dia-23-sant-jordi-002-300x167.jpg 300w, https:\/\/www.boboli.es\/boboliland\/wp-content\/uploads\/2020\/04\/Dia-23-sant-jordi-002-768x427.jpg 768w\" sizes=\"(max-width: 900px) 100vw, 900px\" \/><\/p>\n<p><strong>Busca los fieltros<\/strong> que tengas en casa, cuantos m\u00e1s colores mejor, pero puedes elegir los que t\u00fa quieras. Cuando vayas a <strong>unir la parte delantera con la trasera<\/strong> \u00a1deja un huequito para tus dedos!<\/p>\n<p><img class=\"alignnone size-full wp-image-7956\" src=\"https:\/\/www.boboli.es\/boboliland\/wp-content\/uploads\/2020\/04\/Dia-23-sant-jordi-003.jpg\" alt=\"Dia 23 sant jordi 003\" width=\"900\" height=\"500\" srcset=\"https:\/\/www.boboli.es\/boboliland\/wp-content\/uploads\/2020\/04\/Dia-23-sant-jordi-003.jpg 900w, https:\/\/www.boboli.es\/boboliland\/wp-content\/uploads\/2020\/04\/Dia-23-sant-jordi-003-300x167.jpg 300w, https:\/\/www.boboli.es\/boboliland\/wp-content\/uploads\/2020\/04\/Dia-23-sant-jordi-003-768x427.jpg 768w\" sizes=\"(max-width: 900px) 100vw, 900px\" \/><\/p>\n<p>Y \u00a1todo listo! \u00a1Ahora empieza a <strong>imaginar historias interminables<\/strong>!<\/p>\n<p><strong>Descubre nuestra rosa de papel<\/strong>. \u00bfTe atreves a montarla? \u00a1Es muy f\u00e1cil!<\/p>\n<p>Material necesario:<\/p>\n<ul>\n<li>Tijeras o cutter<\/li>\n<li>Cinta adhesiva de color verde<\/li>\n<li>Una aguja o alfiler<\/li>\n<li>Un palito de madera (de pinchitos)<\/li>\n<li>Rotulador de color marr\u00f3n<\/li>\n<li>Celo<\/li>\n<\/ul>\n<p><img class=\"alignnone size-full wp-image-7949\" src=\"https:\/\/www.boboli.es\/boboliland\/wp-content\/uploads\/2020\/04\/Dia-23-rosa-001.jpg\" alt=\"Dia 23 rosa 001\" width=\"900\" height=\"500\" srcset=\"https:\/\/www.boboli.es\/boboliland\/wp-content\/uploads\/2020\/04\/Dia-23-rosa-001.jpg 900w, https:\/\/www.boboli.es\/boboliland\/wp-content\/uploads\/2020\/04\/Dia-23-rosa-001-300x167.jpg 300w, https:\/\/www.boboli.es\/boboliland\/wp-content\/uploads\/2020\/04\/Dia-23-rosa-001-768x427.jpg 768w\" sizes=\"(max-width: 900px) 100vw, 900px\" \/><strong>Recorta con cuidado<\/strong>\u00a0la rosa y los p\u00e9talos.\u00a0<strong>Dobla un poco hacia adentro<\/strong> la forma de la rosa para darle un poco de volumen.<\/p>\n<p><img class=\"alignnone size-full wp-image-7950\" src=\"https:\/\/www.boboli.es\/boboliland\/wp-content\/uploads\/2020\/04\/Dia-23-rosa-002.jpg\" alt=\"Dia 23 rosa 002\" width=\"900\" height=\"500\" srcset=\"https:\/\/www.boboli.es\/boboliland\/wp-content\/uploads\/2020\/04\/Dia-23-rosa-002.jpg 900w, https:\/\/www.boboli.es\/boboliland\/wp-content\/uploads\/2020\/04\/Dia-23-rosa-002-300x167.jpg 300w, https:\/\/www.boboli.es\/boboliland\/wp-content\/uploads\/2020\/04\/Dia-23-rosa-002-768x427.jpg 768w\" sizes=\"(max-width: 900px) 100vw, 900px\" \/><strong>Pega con celo el palito<\/strong> de los pinchitos a la parte alargada de la rosa\u00a0<strong>Enrolla<\/strong> alrededor del palito la rosa d\u00e1ndole forma a los p\u00e9talos.<\/p>\n<p><img class=\"alignnone size-full wp-image-7951\" src=\"https:\/\/www.boboli.es\/boboliland\/wp-content\/uploads\/2020\/04\/Dia-23-rosa-003.jpg\" alt=\"Dia 23 rosa 003\" width=\"900\" height=\"500\" srcset=\"https:\/\/www.boboli.es\/boboliland\/wp-content\/uploads\/2020\/04\/Dia-23-rosa-003.jpg 900w, https:\/\/www.boboli.es\/boboliland\/wp-content\/uploads\/2020\/04\/Dia-23-rosa-003-300x167.jpg 300w, https:\/\/www.boboli.es\/boboliland\/wp-content\/uploads\/2020\/04\/Dia-23-rosa-003-768x427.jpg 768w\" sizes=\"(max-width: 900px) 100vw, 900px\" \/>Cuando le hayas dado la forma definitiva que te guste, <strong>pega con cinta adhesiva<\/strong> verde la parte final de la rosa para que quede fija con el palito.<\/p>\n<p><img class=\"alignnone size-full wp-image-7952\" src=\"https:\/\/www.boboli.es\/boboliland\/wp-content\/uploads\/2020\/04\/Dia-23-rosa-004.jpg\" alt=\"Dia 23 rosa 004\" width=\"900\" height=\"500\" srcset=\"https:\/\/www.boboli.es\/boboliland\/wp-content\/uploads\/2020\/04\/Dia-23-rosa-004.jpg 900w, https:\/\/www.boboli.es\/boboliland\/wp-content\/uploads\/2020\/04\/Dia-23-rosa-004-300x167.jpg 300w, https:\/\/www.boboli.es\/boboliland\/wp-content\/uploads\/2020\/04\/Dia-23-rosa-004-768x427.jpg 768w\" sizes=\"(max-width: 900px) 100vw, 900px\" \/><\/p>\n<p><strong>Dobla las puntas<\/strong> de los p\u00e9talos hacia abajo. Luego presiona un poco, con cuidado, la rosa contra una superficie lisa para que los p\u00e9talos queden un poco m\u00e1s chafados, de esta manera la rosa quedar\u00e1 m\u00e1s pomposa.\u00a0\u00a1Vamos con las hojas!\u00a0<strong>Dobla la parte inferior<\/strong>\u00a0como se indica en el dibujo.<\/p>\n<p>Con un alfiler o una aguja\u00a0<strong>perfora por los puntos<\/strong>\u00a0que est\u00e1n indicados, luego pasa las hojas por la parte del palito que pincha.\u00a0<strong>Dobla las puntas<\/strong>\u00a0de las hojas hacia abajo d\u00e1ndole forma para que quede bonita.<\/p>\n<p><img class=\"alignnone size-full wp-image-7953\" src=\"https:\/\/www.boboli.es\/boboliland\/wp-content\/uploads\/2020\/04\/Dia-23-rosa-005.jpg\" alt=\"Dia 23 rosa 005\" width=\"900\" height=\"500\" srcset=\"https:\/\/www.boboli.es\/boboliland\/wp-content\/uploads\/2020\/04\/Dia-23-rosa-005.jpg 900w, https:\/\/www.boboli.es\/boboliland\/wp-content\/uploads\/2020\/04\/Dia-23-rosa-005-300x167.jpg 300w, https:\/\/www.boboli.es\/boboliland\/wp-content\/uploads\/2020\/04\/Dia-23-rosa-005-768x427.jpg 768w\" sizes=\"(max-width: 900px) 100vw, 900px\" \/><\/p>\n<p>&nbsp;<\/p>\n<p>&nbsp;<\/p>\n<p><strong>Corta la punta<\/strong> del pinchito a la altura que m\u00e1s te guste. Por \u00faltimo <strong>pinta el palito con un rotulador<\/strong> de color marr\u00f3n para simular el tallo de la rosa.<\/p>\n","protected":false},"excerpt":{"rendered":"<p>Este a\u00f1o toca celebrar este d\u00eda tan especial desde casa&#8230; pero eso tiene una cosa positiva y es que lo podremos celebrar dos veces este a\u00f1o. En boboli nos encanta este d\u00eda porque las calles se llenan de rosas y libros, de sonrisas, de historias m\u00e1gicas, de canciones&#8230; Este a\u00f1o lo celebraremos m\u00e1s tarde en [&hellip;]<\/p>\n","protected":false},"author":3,"featured_media":7958,"comment_status":"closed","ping_status":"open","sticky":false,"template":"","format":"standard","meta":{"loftocean_post_format_gallery":"","loftocean_post_format_gallery_ids":"","loftocean_post_format_gallery_urls":"","loftocean_post_format_video_id":0,"loftocean_post_format_video_url":"","loftocean_post_format_video_type":"","loftocean_post_format_video":"","loftocean_post_format_audio_type":"","loftocean_post_format_audio_url":"","loftocean_post_format_audio_id":0,"loftocean_post_format_audio":"","loftocean-featured-post":"","loftocean-like-count":0,"loftocean-view-count":2686,"tinysalt_single_post_intro_label":"","tinysalt_single_post_intro_description":"","tinysalt_hide_post_featured_image":"","tinysalt_post_featured_media_position":"","tinysalt_hide_before_page_content_ad":"","tinysalt_hide_after_page_content_ad":"","tinysalt_hide_page_header":"","tinysalt_advanced_classname":"","tinysalt_page_featured_media_position":""},"categories":[287],"tags":[],"aioseo_notices":[],"_links":{"self":[{"href":"https:\/\/www.boboli.es\/boboliland\/es\/wp-json\/wp\/v2\/posts\/7937"}],"collection":[{"href":"https:\/\/www.boboli.es\/boboliland\/es\/wp-json\/wp\/v2\/posts"}],"about":[{"href":"https:\/\/www.boboli.es\/boboliland\/es\/wp-json\/wp\/v2\/types\/post"}],"author":[{"embeddable":true,"href":"https:\/\/www.boboli.es\/boboliland\/es\/wp-json\/wp\/v2\/users\/3"}],"replies":[{"embeddable":true,"href":"https:\/\/www.boboli.es\/boboliland\/es\/wp-json\/wp\/v2\/comments?post=7937"}],"version-history":[{"count":13,"href":"https:\/\/www.boboli.es\/boboliland\/es\/wp-json\/wp\/v2\/posts\/7937\/revisions"}],"predecessor-version":[{"id":8876,"href":"https:\/\/www.boboli.es\/boboliland\/es\/wp-json\/wp\/v2\/posts\/7937\/revisions\/8876"}],"wp:featuredmedia":[{"embeddable":true,"href":"https:\/\/www.boboli.es\/boboliland\/es\/wp-json\/wp\/v2\/media\/7958"}],"wp:attachment":[{"href":"https:\/\/www.boboli.es\/boboliland\/es\/wp-json\/wp\/v2\/media?parent=7937"}],"wp:term":[{"taxonomy":"category","embeddable":true,"href":"https:\/\/www.boboli.es\/boboliland\/es\/wp-json\/wp\/v2\/categories?post=7937"},{"taxonomy":"post_tag","embeddable":true,"href":"https:\/\/www.boboli.es\/boboliland\/es\/wp-json\/wp\/v2\/tags?post=7937"}],"curies":[{"name":"wp","href":"https:\/\/api.w.org\/{rel}","templated":true}]}}