{"id":7308,"date":"2020-01-17T13:30:36","date_gmt":"2020-01-17T12:30:36","guid":{"rendered":"https:\/\/www.boboli.es\/boboliland\/?p=7308"},"modified":"2020-06-03T12:24:04","modified_gmt":"2020-06-03T10:24:04","slug":"desfilamos-en-pitti-bimbo-we-are-the-future","status":"publish","type":"post","link":"https:\/\/www.boboli.es\/boboliland\/es\/desfilamos-en-pitti-bimbo-we-are-the-future\/","title":{"rendered":"Desfilamos en PITTI Bimbo: WE ARE THE FUTURE!"},"content":{"rendered":"<p>Este jueves 16 de enero hemos presentado\u00a0nuestra <strong>nueva colecci\u00f3n AW20 sobre la pasarela <a href=\"https:\/\/www.pittimmagine.com\/en\/corporate\/fairs\/bimbo.html\">PITTI IMAGINNE BIMBO<\/a><\/strong>, una de las ferias de moda infantil m\u00e1s importante del mundo en la Fortezza da Basso en Florencia. En la Sala della Ronda, dentro del desfile <em>Children\u2019s Fashion from Spain<\/em>, hemos\u00a0mostrado nuestras propuestas para el pr\u00f3ximo oto\u00f1o \u2013 invierno bajo la tem\u00e1tica \u201c Kids for change\u201d.<\/p>\n<p><!--more--><\/p>\n<p>Esta temporada AW20,\u00a0seguimos apostando por<strong> la <a href=\"https:\/\/www.boboli.es\/\">moda sostenible<\/a> bajo el lema \u201cDiscover and Respect\u201d<\/strong>. Una colecci\u00f3n que mezcla estilos de bloques de color y listados kodak, que utiliza como base, tejidos como el punto y la felpa el\u00e1stica con aplicaciones de pelo en bandas, panas y tricotosas.<\/p>\n<p><img class=\"alignnone wp-image-7310\" src=\"https:\/\/www.boboli.es\/boboliland\/wp-content\/uploads\/2020\/01\/BOBOLI_-7-683x1024.jpg\" alt=\"BOBOLI_-7\" width=\"388\" height=\"582\" srcset=\"https:\/\/www.boboli.es\/boboliland\/wp-content\/uploads\/2020\/01\/BOBOLI_-7-683x1024.jpg 683w, https:\/\/www.boboli.es\/boboliland\/wp-content\/uploads\/2020\/01\/BOBOLI_-7-200x300.jpg 200w, https:\/\/www.boboli.es\/boboliland\/wp-content\/uploads\/2020\/01\/BOBOLI_-7-768x1151.jpg 768w, https:\/\/www.boboli.es\/boboliland\/wp-content\/uploads\/2020\/01\/BOBOLI_-7-900x1349.jpg 900w\" sizes=\"(max-width: 388px) 100vw, 388px\" \/><\/p>\n<p>A destacar, los <strong>mensajes positivos como \u201cSavetheworld\u201d o \u201cWe are thefuture\u201d<\/strong>, en gr\u00e1ficos llenos de color y diversi\u00f3n, rasgos muy caracter\u00edsticos de la marca. Entre la amplia diversidad de prendas, destacan las parkas y los chalecos confeccionados con pl\u00e1stico reciclado de botellas.<\/p>\n<p><img class=\"alignnone wp-image-7311\" src=\"https:\/\/www.boboli.es\/boboliland\/wp-content\/uploads\/2020\/01\/BOBOLI_-6-683x1024.jpg\" alt=\"BOBOLI_-6\" width=\"385\" height=\"578\" srcset=\"https:\/\/www.boboli.es\/boboliland\/wp-content\/uploads\/2020\/01\/BOBOLI_-6-683x1024.jpg 683w, https:\/\/www.boboli.es\/boboliland\/wp-content\/uploads\/2020\/01\/BOBOLI_-6-200x300.jpg 200w, https:\/\/www.boboli.es\/boboliland\/wp-content\/uploads\/2020\/01\/BOBOLI_-6-768x1151.jpg 768w, https:\/\/www.boboli.es\/boboliland\/wp-content\/uploads\/2020\/01\/BOBOLI_-6-900x1349.jpg 900w\" sizes=\"(max-width: 385px) 100vw, 385px\" \/><\/p>\n<p>Como en todas las colecciones, para nosotros\u00a0<strong>la comodidad y la calidad priman por encima de todo<\/strong>, con dise\u00f1os concebidos para el d\u00eda a d\u00eda de los ni\u00f1os. Libertad de movimiento, tejidos confortables y colores divertidos se unen para despertar la fantas\u00eda de los m\u00e1s peque\u00f1os.<\/p>\n<p><img class=\"alignnone wp-image-7312\" src=\"https:\/\/www.boboli.es\/boboliland\/wp-content\/uploads\/2020\/01\/BOBOLI_-2-683x1024.jpg\" alt=\"BOBOLI_-2\" width=\"387\" height=\"581\" srcset=\"https:\/\/www.boboli.es\/boboliland\/wp-content\/uploads\/2020\/01\/BOBOLI_-2-683x1024.jpg 683w, https:\/\/www.boboli.es\/boboliland\/wp-content\/uploads\/2020\/01\/BOBOLI_-2-200x300.jpg 200w, https:\/\/www.boboli.es\/boboliland\/wp-content\/uploads\/2020\/01\/BOBOLI_-2-768x1151.jpg 768w, https:\/\/www.boboli.es\/boboliland\/wp-content\/uploads\/2020\/01\/BOBOLI_-2-900x1349.jpg 900w\" sizes=\"(max-width: 387px) 100vw, 387px\" \/><\/p>\n<p><strong>Visita nuestro <a href=\"https:\/\/www.instagram.com\/boboli_fashion\/\">Instagram<\/a> y descubre nuestro desfile m\u00e1s sostenible \ud83d\ude42<\/strong><\/p>\n","protected":false},"excerpt":{"rendered":"<p>Este jueves 16 de enero hemos presentado\u00a0nuestra nueva colecci\u00f3n AW20 sobre la pasarela PITTI IMAGINNE BIMBO, una de las ferias de moda infantil m\u00e1s importante del mundo en la Fortezza da Basso en Florencia. En la Sala della Ronda, dentro del desfile Children\u2019s Fashion from Spain, hemos\u00a0mostrado nuestras propuestas para el pr\u00f3ximo oto\u00f1o \u2013 invierno [&hellip;]<\/p>\n","protected":false},"author":3,"featured_media":7314,"comment_status":"closed","ping_status":"open","sticky":false,"template":"","format":"standard","meta":{"loftocean_post_format_gallery":"","loftocean_post_format_gallery_ids":"","loftocean_post_format_gallery_urls":"","loftocean_post_format_video_id":0,"loftocean_post_format_video_url":"","loftocean_post_format_video_type":"","loftocean_post_format_video":"","loftocean_post_format_audio_type":"","loftocean_post_format_audio_url":"","loftocean_post_format_audio_id":0,"loftocean_post_format_audio":"","loftocean-featured-post":"","loftocean-like-count":1,"loftocean-view-count":2401,"tinysalt_single_post_intro_label":"","tinysalt_single_post_intro_description":"","tinysalt_hide_post_featured_image":"","tinysalt_post_featured_media_position":"","tinysalt_hide_before_page_content_ad":"","tinysalt_hide_after_page_content_ad":"","tinysalt_hide_page_header":"","tinysalt_advanced_classname":"","tinysalt_page_featured_media_position":""},"categories":[287],"tags":[],"aioseo_notices":[],"_links":{"self":[{"href":"https:\/\/www.boboli.es\/boboliland\/es\/wp-json\/wp\/v2\/posts\/7308"}],"collection":[{"href":"https:\/\/www.boboli.es\/boboliland\/es\/wp-json\/wp\/v2\/posts"}],"about":[{"href":"https:\/\/www.boboli.es\/boboliland\/es\/wp-json\/wp\/v2\/types\/post"}],"author":[{"embeddable":true,"href":"https:\/\/www.boboli.es\/boboliland\/es\/wp-json\/wp\/v2\/users\/3"}],"replies":[{"embeddable":true,"href":"https:\/\/www.boboli.es\/boboliland\/es\/wp-json\/wp\/v2\/comments?post=7308"}],"version-history":[{"count":8,"href":"https:\/\/www.boboli.es\/boboliland\/es\/wp-json\/wp\/v2\/posts\/7308\/revisions"}],"predecessor-version":[{"id":8837,"href":"https:\/\/www.boboli.es\/boboliland\/es\/wp-json\/wp\/v2\/posts\/7308\/revisions\/8837"}],"wp:featuredmedia":[{"embeddable":true,"href":"https:\/\/www.boboli.es\/boboliland\/es\/wp-json\/wp\/v2\/media\/7314"}],"wp:attachment":[{"href":"https:\/\/www.boboli.es\/boboliland\/es\/wp-json\/wp\/v2\/media?parent=7308"}],"wp:term":[{"taxonomy":"category","embeddable":true,"href":"https:\/\/www.boboli.es\/boboliland\/es\/wp-json\/wp\/v2\/categories?post=7308"},{"taxonomy":"post_tag","embeddable":true,"href":"https:\/\/www.boboli.es\/boboliland\/es\/wp-json\/wp\/v2\/tags?post=7308"}],"curies":[{"name":"wp","href":"https:\/\/api.w.org\/{rel}","templated":true}]}}