{"id":7244,"date":"2023-11-20T10:11:00","date_gmt":"2023-11-20T09:11:00","guid":{"rendered":"https:\/\/www.boboli.es\/boboliland\/?p=7244"},"modified":"2023-11-21T09:12:00","modified_gmt":"2023-11-21T08:12:00","slug":"feliz-dia-internacional-del-nino","status":"publish","type":"post","link":"https:\/\/www.boboli.es\/boboliland\/es\/feliz-dia-internacional-del-nino\/","title":{"rendered":"\u00a1Feliz D\u00eda Internacional del Ni\u00f1o! Ya tenemos los ganadores del Premio Boboli SUMA"},"content":{"rendered":"\n<p>Hoy se celebra el\u00a0<strong>D\u00eda Internacional del Ni\u00f1o<\/strong> y en B<a href=\"https:\/\/www.boboli.es\/\">oboli<\/a> queremos dedicarlo\u00a0a todos los ni\u00f1os y ni\u00f1as del mundo.<\/p>\n\n\n\n<!--more-->\n\n\n\n<p>El 20 de Noviembre de 1959, fue la fecha en que la ONU aprob\u00f3 la&nbsp;<strong><a href=\"http:\/\/www.un.org\/es\/comun\/docs\/?symbol=A\/RES\/1386(XIV)\" target=\"_blank\" rel=\"noopener noreferrer\">Declaraci\u00f3n de los Derechos del Ni\u00f1o<\/a><\/strong>, por eso hoy es un d\u00eda de celebraci\u00f3n por los avances conseguidos y para dar a conocer los derechos de la infancia y concienciar a las personas de la importancia de trabajar d\u00eda a d\u00eda por su bienestar y desarrollo.<\/p>\n\n\n<div class=\"wp-block-image\">\n<figure class=\"aligncenter is-resized\"><img src=\"https:\/\/www.boboli.es\/boboliland\/wp-content\/uploads\/2019\/11\/8744E9A4-025D-4F8E-88C2-141755C9D149-scaled.jpeg\" alt=\"\" class=\"wp-image-18291\" width=\"500\" height=\"664\" srcset=\"https:\/\/www.boboli.es\/boboliland\/wp-content\/uploads\/2019\/11\/8744E9A4-025D-4F8E-88C2-141755C9D149-scaled.jpeg 1926w, https:\/\/www.boboli.es\/boboliland\/wp-content\/uploads\/2019\/11\/8744E9A4-025D-4F8E-88C2-141755C9D149-226x300.jpeg 226w, https:\/\/www.boboli.es\/boboliland\/wp-content\/uploads\/2019\/11\/8744E9A4-025D-4F8E-88C2-141755C9D149-770x1024.jpeg 770w, https:\/\/www.boboli.es\/boboliland\/wp-content\/uploads\/2019\/11\/8744E9A4-025D-4F8E-88C2-141755C9D149-768x1021.jpeg 768w, https:\/\/www.boboli.es\/boboliland\/wp-content\/uploads\/2019\/11\/8744E9A4-025D-4F8E-88C2-141755C9D149-1155x1536.jpeg 1155w, https:\/\/www.boboli.es\/boboliland\/wp-content\/uploads\/2019\/11\/8744E9A4-025D-4F8E-88C2-141755C9D149-1541x2048.jpeg 1541w, https:\/\/www.boboli.es\/boboliland\/wp-content\/uploads\/2019\/11\/8744E9A4-025D-4F8E-88C2-141755C9D149-1920x2552.jpeg 1920w, https:\/\/www.boboli.es\/boboliland\/wp-content\/uploads\/2019\/11\/8744E9A4-025D-4F8E-88C2-141755C9D149-1440x1914.jpeg 1440w, https:\/\/www.boboli.es\/boboliland\/wp-content\/uploads\/2019\/11\/8744E9A4-025D-4F8E-88C2-141755C9D149-1200x1595.jpeg 1200w, https:\/\/www.boboli.es\/boboliland\/wp-content\/uploads\/2019\/11\/8744E9A4-025D-4F8E-88C2-141755C9D149-780x1037.jpeg 780w, https:\/\/www.boboli.es\/boboliland\/wp-content\/uploads\/2019\/11\/8744E9A4-025D-4F8E-88C2-141755C9D149-600x798.jpeg 600w, https:\/\/www.boboli.es\/boboliland\/wp-content\/uploads\/2019\/11\/8744E9A4-025D-4F8E-88C2-141755C9D149-550x731.jpeg 550w, https:\/\/www.boboli.es\/boboliland\/wp-content\/uploads\/2019\/11\/8744E9A4-025D-4F8E-88C2-141755C9D149-370x492.jpeg 370w, https:\/\/www.boboli.es\/boboliland\/wp-content\/uploads\/2019\/11\/8744E9A4-025D-4F8E-88C2-141755C9D149-255x339.jpeg 255w\" sizes=\"(max-width: 500px) 100vw, 500px\" \/><\/figure><\/div>\n\n\n<p>Como dijo en su momento John F. Kennedy, \u00ab<strong>Los ni\u00f1os son el recurso m\u00e1s importante del mundo<\/strong> y la mejor esperanza para el futuro\u00bb de manera que todo lo que ense\u00f1amos hoy a nuestros hijos ser\u00e1 lo que ma\u00f1ana har\u00e1n.<\/p>\n\n\n\n<p>Como cada a\u00f1o, coincidiendo con el D\u00eda Internacional del Ni\u00f1o, hemos fallado la <a href=\"https:\/\/www.boboli.es\/boboliland\/es\/arranca-la-4a-edicion-del-premio-boboli-suma-en-favor-de-los-derechos-del-nino\/\"><strong>VI edici\u00f3n del Premio Boboli SUMA<\/strong><\/a>. \u00a0Este a\u00f1o hemos premiado a tres proyectos que trabajan para ayudar a paliar la pobreza infantil en ni\u00f1os y ni\u00f1as de 0 a 12 a\u00f1os enmarcados en el ocio inclusivo, las necesidades b\u00e1sicas y la educaci\u00f3n.<\/p>\n\n\n\n<div class=\"wp-container-1 wp-block-buttons\">\n<div class=\"wp-block-button aligncenter\"><a class=\"wp-block-button__link\" href=\"https:\/\/www.boboli.es\/es\/module\/boboli_suma\/content\">Saber m\u00e1s<\/a><\/div>\n<\/div>\n\n\n\n<p>A continuaci\u00f3n, os desvelamos los <strong>proyectos premiados<\/strong>:<\/p>\n\n\n\n<ul><li><a href=\"https:\/\/fundacionemet.org\/\"><strong>Fundaci\u00f3n Emet Arco Iris<\/strong><\/a> &#8211; Boboli Vesti-\u00d6dos<\/li><li><a href=\"https:\/\/www.fundacionacrescere.org\/\"><strong>Fundaci\u00f3n ACRESCERE<\/strong><\/a> &#8211; Guarder\u00eda Social<\/li><li><a href=\"https:\/\/fundacioramonmartibonet.org\/es\/fundacion-ramon-marti-i-bonet\/\"><strong>Fundaci\u00f3n Ramon Mart\u00ed i Bonet<\/strong><\/a> &#8211; Visi\u00f3n para todos en las escuelas<\/li><\/ul>\n\n\n<div class=\"wp-block-image\">\n<figure class=\"aligncenter is-resized\"><img src=\"https:\/\/www.boboli.es\/boboliland\/wp-content\/uploads\/2023\/09\/nina_10_anos.jpg\" alt=\"\" class=\"wp-image-18195\" width=\"644\" height=\"483\" srcset=\"https:\/\/www.boboli.es\/boboliland\/wp-content\/uploads\/2023\/09\/nina_10_anos.jpg 900w, https:\/\/www.boboli.es\/boboliland\/wp-content\/uploads\/2023\/09\/nina_10_anos-300x225.jpg 300w, https:\/\/www.boboli.es\/boboliland\/wp-content\/uploads\/2023\/09\/nina_10_anos-768x577.jpg 768w, https:\/\/www.boboli.es\/boboliland\/wp-content\/uploads\/2023\/09\/nina_10_anos-780x586.jpg 780w, https:\/\/www.boboli.es\/boboliland\/wp-content\/uploads\/2023\/09\/nina_10_anos-600x451.jpg 600w, https:\/\/www.boboli.es\/boboliland\/wp-content\/uploads\/2023\/09\/nina_10_anos-550x413.jpg 550w, https:\/\/www.boboli.es\/boboliland\/wp-content\/uploads\/2023\/09\/nina_10_anos-370x278.jpg 370w, https:\/\/www.boboli.es\/boboliland\/wp-content\/uploads\/2023\/09\/nina_10_anos-255x192.jpg 255w\" sizes=\"(max-width: 644px) 100vw, 644px\" \/><\/figure><\/div>\n\n\n<p>Desde Boboli apoyamos de forma activa a las entidades que trabajan d\u00eda a d\u00eda para asegurar que los ni\u00f1os tengan los recursos necesarios para desarrollarse como grandes seres humanos.<\/p>\n\n\n\n<p><strong>\u00a1Feliz D\u00eda del Ni\u00f1o!<\/strong><\/p>\n","protected":false},"excerpt":{"rendered":"<p>Hoy se celebra el\u00a0D\u00eda Internacional del Ni\u00f1o y en Boboli queremos dedicarlo\u00a0a todos los ni\u00f1os y ni\u00f1as del mundo.<\/p>\n","protected":false},"author":3,"featured_media":18303,"comment_status":"closed","ping_status":"open","sticky":false,"template":"","format":"standard","meta":{"loftocean_post_format_gallery":"","loftocean_post_format_gallery_ids":"","loftocean_post_format_gallery_urls":"","loftocean_post_format_video_id":0,"loftocean_post_format_video_url":"","loftocean_post_format_video_type":"","loftocean_post_format_video":"","loftocean_post_format_audio_type":"","loftocean_post_format_audio_url":"","loftocean_post_format_audio_id":0,"loftocean_post_format_audio":"","loftocean-featured-post":"","loftocean-like-count":1,"loftocean-view-count":5686,"tinysalt_single_post_intro_label":"","tinysalt_single_post_intro_description":"","tinysalt_hide_post_featured_image":"","tinysalt_post_featured_media_position":"","tinysalt_hide_before_page_content_ad":"","tinysalt_hide_after_page_content_ad":"","tinysalt_hide_page_header":"","tinysalt_advanced_classname":"","tinysalt_page_featured_media_position":""},"categories":[573],"tags":[],"aioseo_notices":[],"_links":{"self":[{"href":"https:\/\/www.boboli.es\/boboliland\/es\/wp-json\/wp\/v2\/posts\/7244"}],"collection":[{"href":"https:\/\/www.boboli.es\/boboliland\/es\/wp-json\/wp\/v2\/posts"}],"about":[{"href":"https:\/\/www.boboli.es\/boboliland\/es\/wp-json\/wp\/v2\/types\/post"}],"author":[{"embeddable":true,"href":"https:\/\/www.boboli.es\/boboliland\/es\/wp-json\/wp\/v2\/users\/3"}],"replies":[{"embeddable":true,"href":"https:\/\/www.boboli.es\/boboliland\/es\/wp-json\/wp\/v2\/comments?post=7244"}],"version-history":[{"count":18,"href":"https:\/\/www.boboli.es\/boboliland\/es\/wp-json\/wp\/v2\/posts\/7244\/revisions"}],"predecessor-version":[{"id":18307,"href":"https:\/\/www.boboli.es\/boboliland\/es\/wp-json\/wp\/v2\/posts\/7244\/revisions\/18307"}],"wp:featuredmedia":[{"embeddable":true,"href":"https:\/\/www.boboli.es\/boboliland\/es\/wp-json\/wp\/v2\/media\/18303"}],"wp:attachment":[{"href":"https:\/\/www.boboli.es\/boboliland\/es\/wp-json\/wp\/v2\/media?parent=7244"}],"wp:term":[{"taxonomy":"category","embeddable":true,"href":"https:\/\/www.boboli.es\/boboliland\/es\/wp-json\/wp\/v2\/categories?post=7244"},{"taxonomy":"post_tag","embeddable":true,"href":"https:\/\/www.boboli.es\/boboliland\/es\/wp-json\/wp\/v2\/tags?post=7244"}],"curies":[{"name":"wp","href":"https:\/\/api.w.org\/{rel}","templated":true}]}}