{"id":5223,"date":"2017-11-21T14:47:45","date_gmt":"2017-11-21T13:47:45","guid":{"rendered":"https:\/\/www.boboli.es\/boboliland\/?p=5223"},"modified":"2020-06-03T13:10:46","modified_gmt":"2020-06-03T11:10:46","slug":"segunda-edicion-del-premio-boboli-suma-conoce-a-los-cuatro-proyectos-ganadores","status":"publish","type":"post","link":"https:\/\/www.boboli.es\/boboliland\/es\/segunda-edicion-del-premio-boboli-suma-conoce-a-los-cuatro-proyectos-ganadores\/","title":{"rendered":"Segunda Edici\u00f3n del Premio boboli Suma. Conoce a los cuatro proyectos ganadores."},"content":{"rendered":"<p>En boboli, creemos que el \u00e9xito es la suma de peque\u00f1as acciones. Por eso, este a\u00f1o hemos vuelto a celebrar la <a href=\"https:\/\/www.boboli.es\/es\/content\/30-boboli-suma\"><strong>segunda edici\u00f3n del Premio boboli Suma<\/strong><\/a> que reconoce a aquellas entidades que trabajan d\u00eda a d\u00eda para que los m\u00e1s peque\u00f1os tengan recursos para desarrollarse como grandes seres humanos.<!--more--><\/p>\n<p>Coincidiendo con el D\u00eda Universal del Ni\u00f1o, el pasado lunes 20 de noviembre se entregaron\u00a0los premios de esta segunda edici\u00f3n.\u00a0En esta ocasi\u00f3n, <strong>se\u00a0donaron\u00a0cuatro premios de 10.000\u20ac a entidades\u00a0que impulsan el bienestar y la cobertura de las necesidades b\u00e1sicas de la infancia<\/strong>. El acto se celebr\u00f3 en el Centre C\u00edvic Can Felipa de Barcelona y reuni\u00f3 a\u00a0representantes de las fundaciones ganadoras y a sus familias.<\/p>\n<p><strong>DESCUBRE A LAS CUATRO ENTIDADES GANADORAS.<\/strong><br \/>\nEste a\u00f1o, los cuatro premiados han sido organizaciones de diferentes poblaciones de Espa\u00f1a con objetivos muy distintos, pero llenos de solidaridad.<\/p>\n<p><img class=\"alignnone size-full wp-image-5232\" src=\"https:\/\/www.boboli.es\/boboliland\/wp-content\/uploads\/2017\/11\/rett.jpg\" alt=\"rett\" width=\"1000\" height=\"667\" srcset=\"https:\/\/www.boboli.es\/boboliland\/wp-content\/uploads\/2017\/11\/rett.jpg 1000w, https:\/\/www.boboli.es\/boboliland\/wp-content\/uploads\/2017\/11\/rett-300x200.jpg 300w, https:\/\/www.boboli.es\/boboliland\/wp-content\/uploads\/2017\/11\/rett-768x512.jpg 768w, https:\/\/www.boboli.es\/boboliland\/wp-content\/uploads\/2017\/11\/rett-900x600.jpg 900w\" sizes=\"(max-width: 1000px) 100vw, 1000px\" \/><\/p>\n<p><a href=\"http:\/\/rettcatalana.es\" target=\"_blank\" rel=\"noopener noreferrer\"><strong>Asociaci\u00f3n S\u00edndrome de Rett<\/strong><\/a>. Esta organizaci\u00f3n de Barcelona trabaja para la estimulaci\u00f3n multisensorial\u00a0en ni\u00f1as con s\u00edndrome de Rett en escuelas de educaci\u00f3n especial. Su lema est\u00e1 claro: \u00abCuidar hoy, curar ma\u00f1ana\u201d.<\/p>\n<p><img class=\"alignnone size-full wp-image-5231\" src=\"https:\/\/www.boboli.es\/boboliland\/wp-content\/uploads\/2017\/11\/san-jose.jpg\" alt=\"san-jose\" width=\"1000\" height=\"667\" srcset=\"https:\/\/www.boboli.es\/boboliland\/wp-content\/uploads\/2017\/11\/san-jose.jpg 1000w, https:\/\/www.boboli.es\/boboliland\/wp-content\/uploads\/2017\/11\/san-jose-300x200.jpg 300w, https:\/\/www.boboli.es\/boboliland\/wp-content\/uploads\/2017\/11\/san-jose-768x512.jpg 768w, https:\/\/www.boboli.es\/boboliland\/wp-content\/uploads\/2017\/11\/san-jose-900x600.jpg 900w\" sizes=\"(max-width: 1000px) 100vw, 1000px\" \/><\/p>\n<p><a href=\"https:\/\/www.asociacionsanjose.org\/\" target=\"_blank\" rel=\"noopener noreferrer\"><strong>Asociaci\u00f3n San Jos\u00e9<\/strong><\/a>. Con su proyecto \u00abAlfabeTICando\u00bb,\u00a0la entidad de Guadix, en Granada, vela para\u00a0mejorar la vida de las personas con discapacidad intelectual y sus familias, con un proyecto de vida esperanzador a trav\u00e9s de la plena inclusi\u00f3n.<\/p>\n<p><img class=\"alignnone size-full wp-image-5230\" src=\"https:\/\/www.boboli.es\/boboliland\/wp-content\/uploads\/2017\/11\/oafrica.jpg\" alt=\"oafrica\" width=\"1000\" height=\"667\" srcset=\"https:\/\/www.boboli.es\/boboliland\/wp-content\/uploads\/2017\/11\/oafrica.jpg 1000w, https:\/\/www.boboli.es\/boboliland\/wp-content\/uploads\/2017\/11\/oafrica-300x200.jpg 300w, https:\/\/www.boboli.es\/boboliland\/wp-content\/uploads\/2017\/11\/oafrica-768x512.jpg 768w, https:\/\/www.boboli.es\/boboliland\/wp-content\/uploads\/2017\/11\/oafrica-900x600.jpg 900w\" sizes=\"(max-width: 1000px) 100vw, 1000px\" \/><\/p>\n<p><a href=\"http:\/\/oafrica.org\/\" target=\"_blank\" rel=\"noopener noreferrer\"><strong>OAfrica<\/strong><\/a>. Esta organizaci\u00f3n de Barcelona,\u00a0que desarrolla programas y proyectos para ayudar a los ni\u00f1os y familias de Ghana, \u00c1frica Occidental, ha sido premiada por su servicio de apoyo a ni\u00f1os y ni\u00f1as con discapacidad.<\/p>\n<p><a href=\"http:\/\/www.asidocartagena.org\/\" target=\"_blank\" rel=\"noopener noreferrer\"><strong>Asido Cartagena<\/strong><\/a>. Desde Cartagena, Murcia, esta entidad vela para garantizar\u00a0la inclusi\u00f3n educativa\u00a0de ni\u00f1os y ni\u00f1as con S\u00edndrome de Down y para mejorar su calidad de vida y la de sus familias.<\/p>\n<p><img class=\"alignnone size-full wp-image-5233\" src=\"https:\/\/www.boboli.es\/boboliland\/wp-content\/uploads\/2017\/11\/grupal.jpg\" alt=\"grupal\" width=\"1000\" height=\"667\" srcset=\"https:\/\/www.boboli.es\/boboliland\/wp-content\/uploads\/2017\/11\/grupal.jpg 1000w, https:\/\/www.boboli.es\/boboliland\/wp-content\/uploads\/2017\/11\/grupal-300x200.jpg 300w, https:\/\/www.boboli.es\/boboliland\/wp-content\/uploads\/2017\/11\/grupal-768x512.jpg 768w, https:\/\/www.boboli.es\/boboliland\/wp-content\/uploads\/2017\/11\/grupal-900x600.jpg 900w\" sizes=\"(max-width: 1000px) 100vw, 1000px\" \/><\/p>\n","protected":false},"excerpt":{"rendered":"<p>En boboli, creemos que el \u00e9xito es la suma de peque\u00f1as acciones. Por eso, este a\u00f1o hemos vuelto a celebrar la segunda edici\u00f3n del Premio boboli Suma que reconoce a aquellas entidades que trabajan d\u00eda a d\u00eda para que los m\u00e1s peque\u00f1os tengan recursos para desarrollarse como grandes seres humanos.<\/p>\n","protected":false},"author":3,"featured_media":5228,"comment_status":"open","ping_status":"open","sticky":false,"template":"","format":"standard","meta":{"loftocean_post_format_gallery":"","loftocean_post_format_gallery_ids":"","loftocean_post_format_gallery_urls":"","loftocean_post_format_video_id":0,"loftocean_post_format_video_url":"","loftocean_post_format_video_type":"","loftocean_post_format_video":"","loftocean_post_format_audio_type":"","loftocean_post_format_audio_url":"","loftocean_post_format_audio_id":0,"loftocean_post_format_audio":"","loftocean-featured-post":"","loftocean-like-count":0,"loftocean-view-count":2440,"tinysalt_single_post_intro_label":"","tinysalt_single_post_intro_description":"","tinysalt_hide_post_featured_image":"","tinysalt_post_featured_media_position":"","tinysalt_hide_before_page_content_ad":"","tinysalt_hide_after_page_content_ad":"","tinysalt_hide_page_header":"","tinysalt_advanced_classname":"","tinysalt_page_featured_media_position":""},"categories":[287],"tags":[],"aioseo_notices":[],"_links":{"self":[{"href":"https:\/\/www.boboli.es\/boboliland\/es\/wp-json\/wp\/v2\/posts\/5223"}],"collection":[{"href":"https:\/\/www.boboli.es\/boboliland\/es\/wp-json\/wp\/v2\/posts"}],"about":[{"href":"https:\/\/www.boboli.es\/boboliland\/es\/wp-json\/wp\/v2\/types\/post"}],"author":[{"embeddable":true,"href":"https:\/\/www.boboli.es\/boboliland\/es\/wp-json\/wp\/v2\/users\/3"}],"replies":[{"embeddable":true,"href":"https:\/\/www.boboli.es\/boboliland\/es\/wp-json\/wp\/v2\/comments?post=5223"}],"version-history":[{"count":9,"href":"https:\/\/www.boboli.es\/boboliland\/es\/wp-json\/wp\/v2\/posts\/5223\/revisions"}],"predecessor-version":[{"id":8698,"href":"https:\/\/www.boboli.es\/boboliland\/es\/wp-json\/wp\/v2\/posts\/5223\/revisions\/8698"}],"wp:featuredmedia":[{"embeddable":true,"href":"https:\/\/www.boboli.es\/boboliland\/es\/wp-json\/wp\/v2\/media\/5228"}],"wp:attachment":[{"href":"https:\/\/www.boboli.es\/boboliland\/es\/wp-json\/wp\/v2\/media?parent=5223"}],"wp:term":[{"taxonomy":"category","embeddable":true,"href":"https:\/\/www.boboli.es\/boboliland\/es\/wp-json\/wp\/v2\/categories?post=5223"},{"taxonomy":"post_tag","embeddable":true,"href":"https:\/\/www.boboli.es\/boboliland\/es\/wp-json\/wp\/v2\/tags?post=5223"}],"curies":[{"name":"wp","href":"https:\/\/api.w.org\/{rel}","templated":true}]}}