{"id":16287,"date":"2023-04-24T13:49:59","date_gmt":"2023-04-24T11:49:59","guid":{"rendered":"https:\/\/www.boboli.es\/boboliland\/?p=16287"},"modified":"2023-04-24T13:50:00","modified_gmt":"2023-04-24T11:50:00","slug":"top-10-los-mas-buscados-de-la-temporada","status":"publish","type":"post","link":"https:\/\/www.boboli.es\/boboliland\/es\/top-10-los-mas-buscados-de-la-temporada\/","title":{"rendered":"TOP 10: los m\u00e1s buscados de la temporada"},"content":{"rendered":"\n<p>Es indiscutible que nuestros peques son unos \u201cstyle icons\u201d, te dejamos las prendas que m\u00e1s \u00e9xito han tenido entre nuestros boboli fans. \u00bfListos? \u00a1Empezamos el top!<\/p>\n\n\n\n<div class=\"wp-container-1 is-vertical wp-block-group\">\n<p><strong>10.<\/strong> La temporada de eventos especiales ped\u00eda looks especiales. Esta falda-pantal\u00f3n es ideal para correr y saltar sin perder todo el estilazo.<\/p>\n\n\n\n<figure class=\"wp-block-image size-full is-resized\"><a href=\"https:\/\/www.boboli.es\/es\/faldas-nina\/23576-182866-falda-short-punto-florecitas-de-nina-8445470186021.html\" target=\"_blank\" rel=\"noreferrer noopener\"><img src=\"https:\/\/www.boboli.es\/boboliland\/wp-content\/uploads\/2023\/04\/01_.jpg\" alt=\"\" class=\"wp-image-16291\" width=\"232\" height=\"194\" srcset=\"https:\/\/www.boboli.es\/boboliland\/wp-content\/uploads\/2023\/04\/01_.jpg 450w, https:\/\/www.boboli.es\/boboliland\/wp-content\/uploads\/2023\/04\/01_-300x251.jpg 300w, https:\/\/www.boboli.es\/boboliland\/wp-content\/uploads\/2023\/04\/01_-370x310.jpg 370w, https:\/\/www.boboli.es\/boboliland\/wp-content\/uploads\/2023\/04\/01_-255x214.jpg 255w\" sizes=\"(max-width: 232px) 100vw, 232px\" \/><\/a><\/figure>\n<\/div>\n\n\n\n<div class=\"wp-container-2 is-vertical wp-block-group\">\n<p><strong>9.<\/strong> Esta camiseta blanca es un b\u00e1sico que salva el d\u00eda que no sabemos qu\u00e9 ponernos. Para ir al cole, una excursi\u00f3n o planes de aventuras. Let\u2019s go riding!<\/p>\n\n\n\n<figure class=\"wp-block-image size-full is-resized\"><a href=\"https:\/\/www.boboli.es\/es\/polos-bebe-nino\/23531-182403-polo-pique-letras-de-bebe-nino-8445470226635.html\" target=\"_blank\" rel=\"noreferrer noopener\"><img src=\"https:\/\/www.boboli.es\/boboliland\/wp-content\/uploads\/2023\/04\/02_.jpg\" alt=\"\" class=\"wp-image-16294\" width=\"277\" height=\"232\" srcset=\"https:\/\/www.boboli.es\/boboliland\/wp-content\/uploads\/2023\/04\/02_.jpg 450w, https:\/\/www.boboli.es\/boboliland\/wp-content\/uploads\/2023\/04\/02_-300x251.jpg 300w, https:\/\/www.boboli.es\/boboliland\/wp-content\/uploads\/2023\/04\/02_-370x310.jpg 370w, https:\/\/www.boboli.es\/boboliland\/wp-content\/uploads\/2023\/04\/02_-255x214.jpg 255w\" sizes=\"(max-width: 277px) 100vw, 277px\" \/><\/a><\/figure>\n<\/div>\n\n\n\n<div class=\"wp-container-3 is-vertical wp-block-group\">\n<p><strong>8.<\/strong> La cazadora vaquera (tambi\u00e9n conocida como la estrella del entretiempo) nos acompa\u00f1a en los d\u00edas en los que el tiempo est\u00e1 m\u00e1s loco. \u00c9sta con florecitas nos da todav\u00eda m\u00e1s ganas de primavera.<\/p>\n\n\n\n<figure class=\"wp-block-image size-full is-resized\"><a href=\"https:\/\/www.boboli.es\/es\/chaquetas-bebe-nina\/23387-180838-cazadora-denim-punto-lores-de-bebe-nina-8445470212751.html\" target=\"_blank\" rel=\"noreferrer noopener\"><img src=\"https:\/\/www.boboli.es\/boboliland\/wp-content\/uploads\/2023\/04\/03_.jpg\" alt=\"\" class=\"wp-image-16297\" width=\"262\" height=\"220\" srcset=\"https:\/\/www.boboli.es\/boboliland\/wp-content\/uploads\/2023\/04\/03_.jpg 450w, https:\/\/www.boboli.es\/boboliland\/wp-content\/uploads\/2023\/04\/03_-300x251.jpg 300w, https:\/\/www.boboli.es\/boboliland\/wp-content\/uploads\/2023\/04\/03_-370x310.jpg 370w, https:\/\/www.boboli.es\/boboliland\/wp-content\/uploads\/2023\/04\/03_-255x214.jpg 255w\" sizes=\"(max-width: 262px) 100vw, 262px\" \/><\/a><\/figure>\n<\/div>\n\n\n\n<div class=\"wp-container-4 is-vertical wp-block-group\">\n<p><strong>7.\u00a0<\/strong> Si tuvi\u00e9ramos que escoger un estampado ser\u00eda el de lunares. Este vestido es mon\u00edsimo, pero a la vez muy divertido. Perfecto para los paseos de primavera bajo el sol.<\/p>\n\n\n\n<figure class=\"wp-block-image size-full is-resized\"><a href=\"https:\/\/www.boboli.es\/es\/vestidos-recien-nacida\/23351-180524-vestido-punto-geometrico-de-bebe-8445470160632.html\" target=\"_blank\" rel=\"noreferrer noopener\"><img src=\"https:\/\/www.boboli.es\/boboliland\/wp-content\/uploads\/2023\/04\/04_.jpg\" alt=\"\" class=\"wp-image-16300\" width=\"271\" height=\"227\" srcset=\"https:\/\/www.boboli.es\/boboliland\/wp-content\/uploads\/2023\/04\/04_.jpg 450w, https:\/\/www.boboli.es\/boboliland\/wp-content\/uploads\/2023\/04\/04_-300x251.jpg 300w, https:\/\/www.boboli.es\/boboliland\/wp-content\/uploads\/2023\/04\/04_-370x310.jpg 370w, https:\/\/www.boboli.es\/boboliland\/wp-content\/uploads\/2023\/04\/04_-255x214.jpg 255w\" sizes=\"(max-width: 271px) 100vw, 271px\" \/><\/a><\/figure>\n<\/div>\n\n\n\n<div class=\"wp-container-5 is-vertical wp-block-group\">\n<p><strong>6.<\/strong> \u00bfFans del deporte en casa? Esta sudadera es perfecta para despu\u00e9s del entrenamiento. \u00a1Con ese color no es apta para pasar desapercibidx!<\/p>\n\n\n\n<figure class=\"wp-block-image size-full is-resized\"><a href=\"https:\/\/www.boboli.es\/es\/sudaderas-nino\/23759-184494-sudadera-felpa-con-capucha-ny-state-de-nino-8445470179276.html\" target=\"_blank\" rel=\"noreferrer noopener\"><img src=\"https:\/\/www.boboli.es\/boboliland\/wp-content\/uploads\/2023\/04\/05_.jpg\" alt=\"\" class=\"wp-image-16303\" width=\"287\" height=\"241\" srcset=\"https:\/\/www.boboli.es\/boboliland\/wp-content\/uploads\/2023\/04\/05_.jpg 450w, https:\/\/www.boboli.es\/boboliland\/wp-content\/uploads\/2023\/04\/05_-300x251.jpg 300w, https:\/\/www.boboli.es\/boboliland\/wp-content\/uploads\/2023\/04\/05_-370x310.jpg 370w, https:\/\/www.boboli.es\/boboliland\/wp-content\/uploads\/2023\/04\/05_-255x214.jpg 255w\" sizes=\"(max-width: 287px) 100vw, 287px\" \/><\/a><\/figure>\n<\/div>\n\n\n\n<div class=\"wp-container-6 is-vertical wp-block-group\">\n<p><strong>5.<\/strong> Esta chaqueta con capucha de vaquita viene muuuuy bien para entrar en calor en los d\u00edas m\u00e1s fresquitos.<\/p>\n\n\n\n<figure class=\"wp-block-image size-full is-resized\"><a href=\"https:\/\/www.boboli.es\/es\/chaquetas-recien-nacido-nina\/23298-180144-chaqueta-tricotosa-capucha-vaca-de-bebe-8445470155492.html\" target=\"_blank\" rel=\"noreferrer noopener\"><img src=\"https:\/\/www.boboli.es\/boboliland\/wp-content\/uploads\/2023\/04\/06_.jpg\" alt=\"\" class=\"wp-image-16306\" width=\"298\" height=\"250\" srcset=\"https:\/\/www.boboli.es\/boboliland\/wp-content\/uploads\/2023\/04\/06_.jpg 450w, https:\/\/www.boboli.es\/boboliland\/wp-content\/uploads\/2023\/04\/06_-300x251.jpg 300w, https:\/\/www.boboli.es\/boboliland\/wp-content\/uploads\/2023\/04\/06_-370x310.jpg 370w, https:\/\/www.boboli.es\/boboliland\/wp-content\/uploads\/2023\/04\/06_-255x214.jpg 255w\" sizes=\"(max-width: 298px) 100vw, 298px\" \/><\/a><\/figure>\n<\/div>\n\n\n\n<div class=\"wp-container-7 is-vertical wp-block-group\">\n<p><strong>4. <\/strong>\u00a1Esperamos que llegue el verano a tope de color! Esta sudadera nos acompa\u00f1a durante la primavera.<\/p>\n\n\n\n<figure class=\"wp-block-image size-full is-resized\"><a href=\"https:\/\/www.boboli.es\/es\/sudadera-bebe-nino\/23473-181766-sudadera-felpa-listada-de-bebe-nino-8445470222859.html\" target=\"_blank\" rel=\"noreferrer noopener\"><img src=\"https:\/\/www.boboli.es\/boboliland\/wp-content\/uploads\/2023\/04\/07_.jpg\" alt=\"\" class=\"wp-image-16309\" width=\"248\" height=\"207\" srcset=\"https:\/\/www.boboli.es\/boboliland\/wp-content\/uploads\/2023\/04\/07_.jpg 450w, https:\/\/www.boboli.es\/boboliland\/wp-content\/uploads\/2023\/04\/07_-300x251.jpg 300w, https:\/\/www.boboli.es\/boboliland\/wp-content\/uploads\/2023\/04\/07_-370x310.jpg 370w, https:\/\/www.boboli.es\/boboliland\/wp-content\/uploads\/2023\/04\/07_-255x214.jpg 255w\" sizes=\"(max-width: 248px) 100vw, 248px\" \/><\/a><\/figure>\n<\/div>\n\n\n\n<div class=\"wp-container-8 is-vertical wp-block-group\">\n<p><strong>3. <\/strong>We will rock you! Abre nuestro p\u00f3dium la \u201ccamiseta guitarra\u201d. Nos encanta la m\u00fasica y m\u00e1s esta camiseta. Yeah!<\/p>\n\n\n\n<figure class=\"wp-block-image size-full is-resized\"><a href=\"https:\/\/www.boboli.es\/es\/camisetas-nino\/23808-184935-camiseta-punto-guitarra-de-nino-8445470184942.html\" target=\"_blank\" rel=\"noreferrer noopener\"><img src=\"https:\/\/www.boboli.es\/boboliland\/wp-content\/uploads\/2023\/04\/08_-1.jpg\" alt=\"\" class=\"wp-image-16315\" width=\"286\" height=\"240\" srcset=\"https:\/\/www.boboli.es\/boboliland\/wp-content\/uploads\/2023\/04\/08_-1.jpg 450w, https:\/\/www.boboli.es\/boboliland\/wp-content\/uploads\/2023\/04\/08_-1-300x251.jpg 300w, https:\/\/www.boboli.es\/boboliland\/wp-content\/uploads\/2023\/04\/08_-1-370x310.jpg 370w, https:\/\/www.boboli.es\/boboliland\/wp-content\/uploads\/2023\/04\/08_-1-255x214.jpg 255w\" sizes=\"(max-width: 286px) 100vw, 286px\" \/><\/a><\/figure>\n<\/div>\n\n\n\n<div class=\"wp-container-9 is-vertical wp-block-group\">\n<p><strong>2.<\/strong>\u00a0 La medalla de plata es para estos vaqueros el\u00e1sticos. \u00a1La tendencia bicolor y lo c\u00f3modos que son har\u00e1n que sea su nuevo pantal\u00f3n favorito!<\/p>\n\n\n\n<figure class=\"wp-block-image size-full is-resized\"><a href=\"https:\/\/www.boboli.es\/es\/pantalones-nina\/23659-183613-pantalon-denim-elastico-de-nina-8445470192374.html\" target=\"_blank\" rel=\"noreferrer noopener\"><img src=\"https:\/\/www.boboli.es\/boboliland\/wp-content\/uploads\/2023\/04\/09_.jpg\" alt=\"\" class=\"wp-image-16318\" width=\"308\" height=\"258\" srcset=\"https:\/\/www.boboli.es\/boboliland\/wp-content\/uploads\/2023\/04\/09_.jpg 450w, https:\/\/www.boboli.es\/boboliland\/wp-content\/uploads\/2023\/04\/09_-300x251.jpg 300w, https:\/\/www.boboli.es\/boboliland\/wp-content\/uploads\/2023\/04\/09_-370x310.jpg 370w, https:\/\/www.boboli.es\/boboliland\/wp-content\/uploads\/2023\/04\/09_-255x214.jpg 255w\" sizes=\"(max-width: 308px) 100vw, 308px\" \/><\/a><\/figure>\n<\/div>\n\n\n\n<div class=\"wp-container-10 is-vertical wp-block-group\">\n<p><strong>1. <\/strong>Me quiere\u2026 no me quiere\u2026 Este vestido con estampado de margaritas se lleva la medalla de oro de nuestro top. \u00bfQui\u00e9n le dice que \u201cno\u201d a un vestido fresquito para esta primavera?<\/p>\n\n\n\n<figure class=\"wp-block-image size-full is-resized\"><a href=\"https:\/\/www.boboli.es\/es\/vestidos-bebe-nina\/23428-181289-vestido-saten-estampado-de-bebe-nina-8445470231363.html\" target=\"_blank\" rel=\"noreferrer noopener\"><img src=\"https:\/\/www.boboli.es\/boboliland\/wp-content\/uploads\/2023\/04\/10_-1.jpg\" alt=\"\" class=\"wp-image-16321\" width=\"273\" height=\"229\" srcset=\"https:\/\/www.boboli.es\/boboliland\/wp-content\/uploads\/2023\/04\/10_-1.jpg 450w, https:\/\/www.boboli.es\/boboliland\/wp-content\/uploads\/2023\/04\/10_-1-300x251.jpg 300w, https:\/\/www.boboli.es\/boboliland\/wp-content\/uploads\/2023\/04\/10_-1-370x310.jpg 370w, https:\/\/www.boboli.es\/boboliland\/wp-content\/uploads\/2023\/04\/10_-1-255x214.jpg 255w\" sizes=\"(max-width: 273px) 100vw, 273px\" \/><\/a><\/figure>\n<\/div>\n\n\n\n<p>Estampados llenos de color, ideas para regalar y prendas para eventos especiales. Ya lo ves, nuestros <a href=\"https:\/\/www.boboli.es\/es\/\">bestsellers<\/a> son de lo m\u00e1s variado. Y para ti, \u00bfcu\u00e1l ser\u00eda tu top?<\/p>\n","protected":false},"excerpt":{"rendered":"<p>Es indiscutible que nuestros peques son unos \u201cstyle icons\u201d, te dejamos las prendas que m\u00e1s \u00e9xito han tenido entre nuestros boboli fans. \u00bfListos? \u00a1Empezamos el top! 10. La temporada de eventos especiales ped\u00eda looks especiales. Esta falda-pantal\u00f3n es ideal para correr y saltar sin perder todo el estilazo. 9. Esta camiseta blanca es un b\u00e1sico [&hellip;]<\/p>\n","protected":false},"author":3,"featured_media":16325,"comment_status":"closed","ping_status":"open","sticky":false,"template":"","format":"standard","meta":{"loftocean_post_format_gallery":"","loftocean_post_format_gallery_ids":"","loftocean_post_format_gallery_urls":"","loftocean_post_format_video_id":0,"loftocean_post_format_video_url":"","loftocean_post_format_video_type":"","loftocean_post_format_video":"","loftocean_post_format_audio_type":"","loftocean_post_format_audio_url":"","loftocean_post_format_audio_id":0,"loftocean_post_format_audio":"","loftocean-featured-post":"","loftocean-like-count":2,"loftocean-view-count":9390,"tinysalt_single_post_intro_label":"","tinysalt_single_post_intro_description":"","tinysalt_hide_post_featured_image":"","tinysalt_post_featured_media_position":"","tinysalt_hide_before_page_content_ad":"","tinysalt_hide_after_page_content_ad":"","tinysalt_hide_page_header":"","tinysalt_advanced_classname":"","tinysalt_page_featured_media_position":""},"categories":[573],"tags":[],"aioseo_notices":[],"_links":{"self":[{"href":"https:\/\/www.boboli.es\/boboliland\/es\/wp-json\/wp\/v2\/posts\/16287"}],"collection":[{"href":"https:\/\/www.boboli.es\/boboliland\/es\/wp-json\/wp\/v2\/posts"}],"about":[{"href":"https:\/\/www.boboli.es\/boboliland\/es\/wp-json\/wp\/v2\/types\/post"}],"author":[{"embeddable":true,"href":"https:\/\/www.boboli.es\/boboliland\/es\/wp-json\/wp\/v2\/users\/3"}],"replies":[{"embeddable":true,"href":"https:\/\/www.boboli.es\/boboliland\/es\/wp-json\/wp\/v2\/comments?post=16287"}],"version-history":[{"count":4,"href":"https:\/\/www.boboli.es\/boboliland\/es\/wp-json\/wp\/v2\/posts\/16287\/revisions"}],"predecessor-version":[{"id":16330,"href":"https:\/\/www.boboli.es\/boboliland\/es\/wp-json\/wp\/v2\/posts\/16287\/revisions\/16330"}],"wp:featuredmedia":[{"embeddable":true,"href":"https:\/\/www.boboli.es\/boboliland\/es\/wp-json\/wp\/v2\/media\/16325"}],"wp:attachment":[{"href":"https:\/\/www.boboli.es\/boboliland\/es\/wp-json\/wp\/v2\/media?parent=16287"}],"wp:term":[{"taxonomy":"category","embeddable":true,"href":"https:\/\/www.boboli.es\/boboliland\/es\/wp-json\/wp\/v2\/categories?post=16287"},{"taxonomy":"post_tag","embeddable":true,"href":"https:\/\/www.boboli.es\/boboliland\/es\/wp-json\/wp\/v2\/tags?post=16287"}],"curies":[{"name":"wp","href":"https:\/\/api.w.org\/{rel}","templated":true}]}}