{"id":16075,"date":"2023-04-17T09:35:09","date_gmt":"2023-04-17T07:35:09","guid":{"rendered":"https:\/\/www.boboli.es\/boboliland\/?p=16075"},"modified":"2023-04-18T09:35:56","modified_gmt":"2023-04-18T07:35:56","slug":"babidibu-una-lectura-diferente-e-imprescindible","status":"publish","type":"post","link":"https:\/\/www.boboli.es\/boboliland\/es\/babidibu-una-lectura-diferente-e-imprescindible\/","title":{"rendered":"BABIDI-B\u00da, una lectura diferente e imprescindible"},"content":{"rendered":"\n<div class=\"wp-container-1 is-vertical wp-block-group\">\n<p>El d\u00eda del libro casi est\u00e1 aqu\u00ed y queremos recomendaros la editorial <a href=\"https:\/\/www.babidibulibros.com\/\" target=\"_blank\" rel=\"noopener\">BABIDI-B\u00da<\/a>.&nbsp;<\/p>\n\n\n\n<p>Sus libros est\u00e1n pensados para entrenar la inteligencia emocional, as\u00ed como la imaginaci\u00f3n y la creatividad. En concreto, su colecci\u00f3n <a href=\"https:\/\/tienda.babidibulibros.com\/coleccion\/meves\/?catalog_language=spa\">Mev\u00e9s<\/a> nos inspira a ser mejores con historias de inclusi\u00f3n, diversidad y tolerancia.&nbsp;<\/p>\n\n\n\n<p>Te dejamos esta selecci\u00f3n de libros que nos ayudar\u00e1 a hacer del mundo en el que vivimos un lugar un poquito mejor.&nbsp;<\/p>\n<\/div>\n\n\n\n<div class=\"wp-container-2 is-vertical wp-block-group\">\n<p><a href=\"https:\/\/tienda.babidibulibros.com\/libro\/afro_146645\/?catalog_language=spa\"><strong>AFRO<\/strong><\/a><\/p>\n\n\n\n<p>Nala es una ni\u00f1a que se siente diferente porque su pelo no se parece al del resto de sus compa\u00f1eras. Este cuento nos ense\u00f1a a que la diversidad nos hace \u00fanicos y a querernos tal y como somos.<\/p>\n\n\n\n<figure class=\"wp-block-image size-full is-resized\"><a href=\"https:\/\/tienda.babidibulibros.com\/libro\/afro_146645\/?catalog_language=spa\"><img src=\"https:\/\/www.boboli.es\/boboliland\/wp-content\/uploads\/2023\/04\/01_AFRO-1.jpg\" alt=\"\" class=\"wp-image-16080\" width=\"253\" height=\"212\" srcset=\"https:\/\/www.boboli.es\/boboliland\/wp-content\/uploads\/2023\/04\/01_AFRO-1.jpg 450w, https:\/\/www.boboli.es\/boboliland\/wp-content\/uploads\/2023\/04\/01_AFRO-1-300x251.jpg 300w, https:\/\/www.boboli.es\/boboliland\/wp-content\/uploads\/2023\/04\/01_AFRO-1-370x310.jpg 370w, https:\/\/www.boboli.es\/boboliland\/wp-content\/uploads\/2023\/04\/01_AFRO-1-255x214.jpg 255w\" sizes=\"(max-width: 253px) 100vw, 253px\" \/><\/a><\/figure>\n<\/div>\n\n\n\n<div class=\"wp-container-3 is-vertical wp-block-group\">\n<p><a href=\"https:\/\/tienda.babidibulibros.com\/libro\/maria-y-el-mar_130552\/\"><strong>MAR\u00cdA Y EL MAR&nbsp;<\/strong><\/a><\/p>\n\n\n\n<p>Mar\u00eda, la protagonista nos ayudar\u00e1 a conocer la discapacidad desde la inclusi\u00f3n y sin caer en estereotipos ni prejuicios.<\/p>\n\n\n\n<figure class=\"wp-block-image size-full is-resized\"><a href=\"https:\/\/tienda.babidibulibros.com\/libro\/maria-y-el-mar_130552\/\"><img src=\"https:\/\/www.boboli.es\/boboliland\/wp-content\/uploads\/2023\/04\/02_MARIAYELMAR.jpg\" alt=\"\" class=\"wp-image-16083\" width=\"272\" height=\"228\" srcset=\"https:\/\/www.boboli.es\/boboliland\/wp-content\/uploads\/2023\/04\/02_MARIAYELMAR.jpg 450w, https:\/\/www.boboli.es\/boboliland\/wp-content\/uploads\/2023\/04\/02_MARIAYELMAR-300x251.jpg 300w, https:\/\/www.boboli.es\/boboliland\/wp-content\/uploads\/2023\/04\/02_MARIAYELMAR-370x310.jpg 370w, https:\/\/www.boboli.es\/boboliland\/wp-content\/uploads\/2023\/04\/02_MARIAYELMAR-255x214.jpg 255w\" sizes=\"(max-width: 272px) 100vw, 272px\" \/><\/a><\/figure>\n<\/div>\n\n\n\n<div class=\"wp-container-4 is-vertical wp-block-group\">\n<p><a href=\"https:\/\/tienda.babidibulibros.com\/libro\/el-show-de-igu-y-alda_146639\/?catalog_language=spa\"><strong>EL SHOW DE IGU Y ADA<\/strong><\/a><\/p>\n\n\n\n<p>Igu y Ada son dos hermanos mellizos acr\u00f3batas que empiezan a estar cansados de recibir un trato diferente por ser chico o chica. El cuento quiere alejarse de los estereotipos de g\u00e9nero y transmitir valores de igualdad.<\/p>\n\n\n\n<figure class=\"wp-block-image size-full is-resized\"><a href=\"https:\/\/tienda.babidibulibros.com\/libro\/el-show-de-igu-y-alda_146639\/?catalog_language=spa\"><img src=\"https:\/\/www.boboli.es\/boboliland\/wp-content\/uploads\/2023\/04\/03_EL-SHOW-DE-IGU-Y-ADA.jpg\" alt=\"\" class=\"wp-image-16086\" width=\"232\" height=\"194\" srcset=\"https:\/\/www.boboli.es\/boboliland\/wp-content\/uploads\/2023\/04\/03_EL-SHOW-DE-IGU-Y-ADA.jpg 450w, https:\/\/www.boboli.es\/boboliland\/wp-content\/uploads\/2023\/04\/03_EL-SHOW-DE-IGU-Y-ADA-300x251.jpg 300w, https:\/\/www.boboli.es\/boboliland\/wp-content\/uploads\/2023\/04\/03_EL-SHOW-DE-IGU-Y-ADA-370x310.jpg 370w, https:\/\/www.boboli.es\/boboliland\/wp-content\/uploads\/2023\/04\/03_EL-SHOW-DE-IGU-Y-ADA-255x214.jpg 255w\" sizes=\"(max-width: 232px) 100vw, 232px\" \/><\/a><\/figure>\n<\/div>\n\n\n\n<div class=\"wp-container-5 is-vertical wp-block-group\">\n<p><a href=\"https:\/\/tienda.babidibulibros.com\/libro\/todas-son-familias_128046\/?catalog_language=spa\"><strong>TODAS SON FAMILIAS<\/strong><\/a><\/p>\n\n\n\n<p>Esta historia de cinco familias diferentes ayuda a entender la diversidad como algo positivo y a que lxs ni\u00f1xs puedan identificarse con alguna de las familias.<\/p>\n\n\n\n<figure class=\"wp-block-image size-full is-resized\"><a href=\"https:\/\/tienda.babidibulibros.com\/libro\/todas-son-familias_128046\/?catalog_language=spa\"><img src=\"https:\/\/www.boboli.es\/boboliland\/wp-content\/uploads\/2023\/04\/04_TODAS-SON-FAMILIAS.jpg\" alt=\"\" class=\"wp-image-16089\" width=\"212\" height=\"178\" srcset=\"https:\/\/www.boboli.es\/boboliland\/wp-content\/uploads\/2023\/04\/04_TODAS-SON-FAMILIAS.jpg 450w, https:\/\/www.boboli.es\/boboliland\/wp-content\/uploads\/2023\/04\/04_TODAS-SON-FAMILIAS-300x251.jpg 300w, https:\/\/www.boboli.es\/boboliland\/wp-content\/uploads\/2023\/04\/04_TODAS-SON-FAMILIAS-370x310.jpg 370w, https:\/\/www.boboli.es\/boboliland\/wp-content\/uploads\/2023\/04\/04_TODAS-SON-FAMILIAS-255x214.jpg 255w\" sizes=\"(max-width: 212px) 100vw, 212px\" \/><\/a><\/figure>\n<\/div>\n\n\n\n<div class=\"wp-container-6 is-vertical wp-block-group\">\n<p><a href=\"https:\/\/tienda.babidibulibros.com\/libro\/tengo-un-papa-y-punto_140459\/?catalog_language=spa\"><strong>TENGO UN PAP\u00c1 Y PUNTO<\/strong><\/a><\/p>\n\n\n\n<p>Un d\u00eda al volver del colegio, Carlos est\u00e1 muy preocupado. Se da cuenta de que su familia no es como las dem\u00e1s. Poco a poco entender\u00e1 que existen muchas diferentes y que lo \u00fanico que importa es el amor que haya en ellas.<\/p>\n\n\n\n<figure class=\"wp-block-image size-full is-resized\"><a href=\"https:\/\/tienda.babidibulibros.com\/libro\/tengo-un-papa-y-punto_140459\/?catalog_language=spa\"><img src=\"https:\/\/www.boboli.es\/boboliland\/wp-content\/uploads\/2023\/04\/05_TENGO-UN-PAPA\u0301-Y-PUNTO.jpg\" alt=\"\" class=\"wp-image-16092\" width=\"263\" height=\"221\" srcset=\"https:\/\/www.boboli.es\/boboliland\/wp-content\/uploads\/2023\/04\/05_TENGO-UN-PAPA\u0301-Y-PUNTO.jpg 450w, https:\/\/www.boboli.es\/boboliland\/wp-content\/uploads\/2023\/04\/05_TENGO-UN-PAPA\u0301-Y-PUNTO-300x251.jpg 300w, https:\/\/www.boboli.es\/boboliland\/wp-content\/uploads\/2023\/04\/05_TENGO-UN-PAPA\u0301-Y-PUNTO-370x310.jpg 370w, https:\/\/www.boboli.es\/boboliland\/wp-content\/uploads\/2023\/04\/05_TENGO-UN-PAPA\u0301-Y-PUNTO-255x214.jpg 255w\" sizes=\"(max-width: 263px) 100vw, 263px\" \/><\/a><\/figure>\n<\/div>\n\n\n\n<div class=\"wp-container-7 is-vertical wp-block-group\">\n<p><a href=\"https:\/\/tienda.babidibulibros.com\/libro\/el-viaje-de-mi-hijo_139844\/?catalog_language=spa\"><strong>EL VIAJE DE MI HIJO<\/strong><\/a><\/p>\n\n\n\n<p>La historia de Beb\u00e9 y su adopci\u00f3n hasta que llega a su casa de acogida nos ayuda a ver las diferentes familias y a normalizarlas en la sociedad.<\/p>\n\n\n\n<figure class=\"wp-block-image size-full is-resized\"><a href=\"https:\/\/tienda.babidibulibros.com\/libro\/el-viaje-de-mi-hijo_139844\/?catalog_language=spa\"><img src=\"https:\/\/www.boboli.es\/boboliland\/wp-content\/uploads\/2023\/04\/06_EL-VIAJE-DE-MI-HIJO.jpg\" alt=\"\" class=\"wp-image-16095\" width=\"238\" height=\"199\" srcset=\"https:\/\/www.boboli.es\/boboliland\/wp-content\/uploads\/2023\/04\/06_EL-VIAJE-DE-MI-HIJO.jpg 450w, https:\/\/www.boboli.es\/boboliland\/wp-content\/uploads\/2023\/04\/06_EL-VIAJE-DE-MI-HIJO-300x251.jpg 300w, https:\/\/www.boboli.es\/boboliland\/wp-content\/uploads\/2023\/04\/06_EL-VIAJE-DE-MI-HIJO-370x310.jpg 370w, https:\/\/www.boboli.es\/boboliland\/wp-content\/uploads\/2023\/04\/06_EL-VIAJE-DE-MI-HIJO-255x214.jpg 255w\" sizes=\"(max-width: 238px) 100vw, 238px\" \/><\/a><\/figure>\n<\/div>\n\n\n\n<p>Gracias a <a href=\"https:\/\/www.babidibulibros.com\/\" target=\"_blank\" rel=\"noopener\">BABIDI-B\u00da<\/a> podemos ense\u00f1ar a nuestros peques valores necesarios en esta sociedad y seguir aprendiendo juntxs para crear un mundo mejor. \u00a1Feliz d\u00eda del libro!<\/p>\n","protected":false},"excerpt":{"rendered":"<p>El d\u00eda del libro casi est\u00e1 aqu\u00ed y queremos recomendaros la editorial BABIDI-B\u00da.&nbsp; Sus libros est\u00e1n pensados para entrenar la inteligencia emocional, as\u00ed como la imaginaci\u00f3n y la creatividad. En concreto, su colecci\u00f3n Mev\u00e9s nos inspira a ser mejores con historias de inclusi\u00f3n, diversidad y tolerancia.&nbsp; Te dejamos esta selecci\u00f3n de libros que nos ayudar\u00e1 [&hellip;]<\/p>\n","protected":false},"author":3,"featured_media":16098,"comment_status":"closed","ping_status":"open","sticky":false,"template":"","format":"standard","meta":{"loftocean_post_format_gallery":"","loftocean_post_format_gallery_ids":"","loftocean_post_format_gallery_urls":"","loftocean_post_format_video_id":0,"loftocean_post_format_video_url":"","loftocean_post_format_video_type":"","loftocean_post_format_video":"","loftocean_post_format_audio_type":"","loftocean_post_format_audio_url":"","loftocean_post_format_audio_id":0,"loftocean_post_format_audio":"","loftocean-featured-post":"","loftocean-like-count":6,"loftocean-view-count":11975,"tinysalt_single_post_intro_label":"","tinysalt_single_post_intro_description":"","tinysalt_hide_post_featured_image":"","tinysalt_post_featured_media_position":"","tinysalt_hide_before_page_content_ad":"","tinysalt_hide_after_page_content_ad":"","tinysalt_hide_page_header":"","tinysalt_advanced_classname":"","tinysalt_page_featured_media_position":""},"categories":[576],"tags":[],"aioseo_notices":[],"_links":{"self":[{"href":"https:\/\/www.boboli.es\/boboliland\/es\/wp-json\/wp\/v2\/posts\/16075"}],"collection":[{"href":"https:\/\/www.boboli.es\/boboliland\/es\/wp-json\/wp\/v2\/posts"}],"about":[{"href":"https:\/\/www.boboli.es\/boboliland\/es\/wp-json\/wp\/v2\/types\/post"}],"author":[{"embeddable":true,"href":"https:\/\/www.boboli.es\/boboliland\/es\/wp-json\/wp\/v2\/users\/3"}],"replies":[{"embeddable":true,"href":"https:\/\/www.boboli.es\/boboliland\/es\/wp-json\/wp\/v2\/comments?post=16075"}],"version-history":[{"count":10,"href":"https:\/\/www.boboli.es\/boboliland\/es\/wp-json\/wp\/v2\/posts\/16075\/revisions"}],"predecessor-version":[{"id":16120,"href":"https:\/\/www.boboli.es\/boboliland\/es\/wp-json\/wp\/v2\/posts\/16075\/revisions\/16120"}],"wp:featuredmedia":[{"embeddable":true,"href":"https:\/\/www.boboli.es\/boboliland\/es\/wp-json\/wp\/v2\/media\/16098"}],"wp:attachment":[{"href":"https:\/\/www.boboli.es\/boboliland\/es\/wp-json\/wp\/v2\/media?parent=16075"}],"wp:term":[{"taxonomy":"category","embeddable":true,"href":"https:\/\/www.boboli.es\/boboliland\/es\/wp-json\/wp\/v2\/categories?post=16075"},{"taxonomy":"post_tag","embeddable":true,"href":"https:\/\/www.boboli.es\/boboliland\/es\/wp-json\/wp\/v2\/tags?post=16075"}],"curies":[{"name":"wp","href":"https:\/\/api.w.org\/{rel}","templated":true}]}}